[{"@context":"https:\/\/schema.org\/","@type":"Article","@id":"https:\/\/www.noves.cz\/vzdelani-v-menicim-se-svete\/#Article","mainEntityOfPage":"https:\/\/www.noves.cz\/vzdelani-v-menicim-se-svete\/","headline":"Vzd\u011bl\u00e1n\u00ed v m\u011bn\u00edc\u00edm se sv\u011bt\u011b","name":"Vzd\u011bl\u00e1n\u00ed v m\u011bn\u00edc\u00edm se sv\u011bt\u011b","description":"Jestli\u017ee pr\u00e1v\u011b pos\u00edl\u00e1te d\u00edt\u011b do \u0161koly, m\u00e1te p\u0159edstavu na jakou budoucnost by ho m\u011bla p\u0159ipravit, jak\u00fdmi znalostmi a dovednostmi by [&hellip;]","datePublished":"2019-06-19","dateModified":"2019-06-19","author":{"@type":"Person","@id":"https:\/\/www.noves.cz\/author\/#Person","name":"","url":"https:\/\/www.noves.cz\/author\/","identifier":1,"image":{"@type":"ImageObject","@id":"https:\/\/secure.gravatar.com\/avatar\/9d25b0af9840660883a67790aa4f595ddc226aa4680c4cf7bc03a25c14fcef85?s=96&d=mm&r=g","url":"https:\/\/secure.gravatar.com\/avatar\/9d25b0af9840660883a67790aa4f595ddc226aa4680c4cf7bc03a25c14fcef85?s=96&d=mm&r=g","height":96,"width":96}},"publisher":{"@type":"Organization","name":"noves.cz","logo":{"@type":"ImageObject","@id":"\/logo.png","url":"\/logo.png","width":600,"height":60}},"image":{"@type":"ImageObject","@id":"https:\/\/www.noves.cz\/wp-content\/uploads\/img_a349457_w2004_t1564431013.jpg","url":"https:\/\/www.noves.cz\/wp-content\/uploads\/img_a349457_w2004_t1564431013.jpg","height":0,"width":0},"url":"https:\/\/www.noves.cz\/vzdelani-v-menicim-se-svete\/","wordCount":507,"articleBody":" Jestli\u017ee pr\u00e1v\u011b pos\u00edl\u00e1te d\u00edt\u011b do \u0161koly, m\u00e1te p\u0159edstavu na jakou budoucnost by ho m\u011bla p\u0159ipravit, jak\u00fdmi znalostmi a dovednostmi by ho m\u011bla vybavit? V dob\u011b dynamick\u00e9ho v\u00fdvoje v\u011bdy, technologi\u00ed, ekonomick\u00fdch a politick\u00fdch zm\u011bn ve sv\u011bt\u011b je t\u011b\u017ek\u00e9 p\u0159edpov\u011bd\u011bt i v\u00fdvoj na deset let dop\u0159edu. Nam\u00edsto enormn\u00edho mno\u017estv\u00ed znalost\u00ed by se podle Sira Kena Robinsona d\u011bti ve \u0161kole m\u011bly nau\u010dit souboru dovednost\u00ed, kter\u00e9 jim pomohou adaptovat se na m\u011bn\u00edc\u00ed se pom\u011bry ve spole\u010dnosti a kreativn\u011b p\u0159ich\u00e1zet s nov\u00fdmi n\u00e1pady. Mezi \u0159e\u0161en\u00edm \u00fakolu a probl\u00e9mu je v\u00fdrazn\u00fd rozd\u00edl. Nau\u010dit se pe\u010dliv\u011b plnit ve \u0161kole a v zam\u011bstn\u00e1n\u00ed \u00fakoly je jist\u011b pot\u0159ebn\u00e9. Ale jak se vypo\u0159\u00e1dat nap\u0159\u00edklad s aktu\u00e1ln\u00edmi probl\u00e9my zm\u011bn klimatu \u010di migrace obyvatel? K \u0159e\u0161en\u00ed t\u011bchto komplexn\u00edch probl\u00e9m\u016f je zapot\u0159eb\u00ed kreativn\u00edho my\u0161len\u00ed.    K podpo\u0159e kreativity jist\u011b pat\u0159\u00ed ur\u010dit\u00e1 d\u00e1vka svobody ve vzd\u011bl\u00e1n\u00ed. T\u011b\u017eko m\u016f\u017ee d\u00edt\u011b p\u0159ij\u00edt s vlastn\u00edmi n\u00e1pady a vytv\u00e1\u0159et si sv\u00e9 n\u00e1zory, pokud je vedeno pouze k pln\u011bn\u00ed \u00fakol\u016f podle zad\u00e1n\u00ed a nen\u00ed motivov\u00e1no k \u0159e\u0161en\u00ed probl\u00e9m\u016f. Svobodu m\u00e1 p\u0159\u00edmo v n\u00e1zvu \u0161kola zalo\u017een\u00e1 v roce 2016 v pra\u017esk\u00fdch Hole\u0161ovic\u00edch &#8211; Svobodn\u00e1 \u0161kola, inspirovan\u00e1 svobodnou demokratickou \u0161kolou Summerhill, kterou zalo\u017eil roku 1921 A. S. Neill. V pra\u017esk\u00e9 Svobodn\u00e9 \u0161kole jsou \u017e\u00e1ci vedeni k samostatnosti, u\u010ditel\u00e9 jsou jen jejich pr\u016fvodci na cest\u011b ke vzd\u011bl\u00e1n\u00ed a cel\u00fd koncept je zalo\u017een na odpov\u011bdnosti a vz\u00e1jemn\u00e9m respektu.   Od z\u00e1\u0159\u00ed 2019 bude otev\u0159ena ji\u017e des\u00e1t\u00e1 z\u00e1kladn\u00ed Scio \u0161kola. Na Praze 8 v Bohnic\u00edch funguje tak\u00e9 st\u0159edn\u00ed Scio \u0161kola. Tento typ alternativn\u00edho \u0161kolstv\u00ed si klade za c\u00edl p\u0159ipravit d\u011bti na \u017eivot ve sv\u011bt\u011b, kter\u00fd se neust\u00e1le vyv\u00edj\u00ed a m\u011bn\u00ed. \u017d\u00e1ci jsou vedeni k samostatnosti a u\u010d\u00ed se p\u0159edev\u0161\u00edm m\u011bkk\u00fdm dovednostem &#8211; komunikaci, t\u00fdmov\u00e9 pr\u00e1ci a kreativit\u011b.   Na osobnostn\u00ed rozvoj, spolupr\u00e1ci, samostatn\u00e9 logick\u00e9 my\u0161len\u00ed se tak\u00e9 soust\u0159ed\u00ed \u0161koly Sv\u011bta vzd\u011bl\u00e1n\u00ed, kter\u00e9 jsou sou\u010d\u00e1st\u00ed b\u011b\u017en\u00fdch \u0161kol. Ve t\u0159\u00edd\u00e1ch je krom\u011b u\u010den\u00ed zm\u00edn\u011bn\u00fdch dovednost\u00ed roz\u0161\u00ed\u0159ena tak\u00e9 v\u00fduka angli\u010dtiny a matematiky, kter\u00e1 je vyu\u010dov\u00e1na Hejn\u00e9ho metodou. \u010c\u00e1st hodin anglick\u00e9ho jazyka, \u010desk\u00e9ho jazyka a matematiky je p\u016flena tak, aby byl umo\u017en\u011bn individu\u00e1ln\u00ed p\u0159\u00edstup k \u017e\u00e1k\u016fm.   Vzd\u011bl\u00e1n\u00ed, kter\u00e9 d\u011bti p\u0159iprav\u00ed na \u017eivot za deset, dvacet, t\u0159icet let, m\u00e1 bezesporu velkou hodnotu. Jakou cestu v\u0161ak zvolit? To u\u017e mus\u00ed ka\u017ed\u00fd rodi\u010d s\u00e1m posoudit, mo\u017enost\u00ed se nab\u00edz\u00ed cel\u00e1 \u0159ada.                                                                                                                                                                                                                                                                                                                                                                                          4.6\/5 - (8 votes)        "},{"@context":"https:\/\/schema.org\/","@type":"BreadcrumbList","itemListElement":[{"@type":"ListItem","position":1,"name":"Vzd\u011bl\u00e1n\u00ed v m\u011bn\u00edc\u00edm se sv\u011bt\u011b","item":"https:\/\/www.noves.cz\/vzdelani-v-menicim-se-svete\/#breadcrumbitem"}]}]