[{"@context":"https:\/\/schema.org\/","@type":"Article","@id":"https:\/\/www.noves.cz\/uzasna-salvej\/#Article","mainEntityOfPage":"https:\/\/www.noves.cz\/uzasna-salvej\/","headline":"\u00da\u017easn\u00e1 \u0161alv\u011bj","name":"\u00da\u017easn\u00e1 \u0161alv\u011bj","description":"V\u011b\u0159\u00edte na s\u00edlu bylinek? U\u017e na\u0161e babi\u010dky d\u00e1vali bylink\u00e1m velkou v\u00e1hu a prakticky jin\u00fdm zp\u016fsobem nel\u00e9\u010dily, proto\u017ee to ani jinak [&hellip;]","datePublished":"2024-10-27","dateModified":"2024-10-27","author":{"@type":"Person","@id":"https:\/\/www.noves.cz\/author\/#Person","name":"","url":"https:\/\/www.noves.cz\/author\/","identifier":1,"image":{"@type":"ImageObject","@id":"https:\/\/secure.gravatar.com\/avatar\/9d25b0af9840660883a67790aa4f595ddc226aa4680c4cf7bc03a25c14fcef85?s=96&d=mm&r=g","url":"https:\/\/secure.gravatar.com\/avatar\/9d25b0af9840660883a67790aa4f595ddc226aa4680c4cf7bc03a25c14fcef85?s=96&d=mm&r=g","height":96,"width":96}},"publisher":{"@type":"Organization","name":"noves.cz","logo":{"@type":"ImageObject","@id":"\/logo.png","url":"\/logo.png","width":600,"height":60}},"url":"https:\/\/www.noves.cz\/uzasna-salvej\/","wordCount":281,"articleBody":"V\u011b\u0159\u00edte na s\u00edlu bylinek? U\u017e na\u0161e babi\u010dky d\u00e1vali bylink\u00e1m velkou v\u00e1hu a prakticky jin\u00fdm zp\u016fsobem nel\u00e9\u010dily, proto\u017ee to ani jinak ne\u0161lo a pod\u00edvejte se, jak\u00e9ho vysok\u00e9ho v\u011bku se do\u017e\u00edvaj\u00ed. M\u011bli byste d\u00e1vat bylink\u00e1m v\u011bt\u0161\u00ed v\u00e1hu, proto\u017ee jsou podce\u0148ovan\u00e9. V dne\u0161n\u00ed dob\u011b se v\u0161echno \u0159e\u0161\u00ed l\u00e9ky, ale p\u0159itom by sta\u010dila jedna oby\u010dejn\u00e1 bylinka, kter\u00e1 nen\u00ed v\u016fbec drah\u00e1, a m\u011bli byste po probl\u00e9mu. Nap\u0159\u00edklad oby\u010dejn\u00fd ka\u0161el \u010di r\u00fdma. Nemus\u00edte ji hned \u0159e\u0161it r\u016fzn\u00fdmi tabletky, \u010di kapky. \u0160alv\u011bj V\u00e1m jist\u011b pom\u016f\u017ee. Ud\u011blejte si \u010daj z t\u00e9to byliny a bude V\u00e1m l\u00e9pe. Nebo si z n\u00ed ud\u011blejte kloktadlo a pou\u017e\u00edvejte ji k vy\u010di\u0161t\u011bn\u00ed Va\u0161eho krku, bu\u010f jako prevenci p\u0159ed nep\u0159\u00edjemnou ang\u00ednou nebo k neutralizaci nep\u0159\u00edjemn\u00e9ho z\u00e1pachu.Aromatick\u00e9 ko\u0159en\u00edTuhle kr\u00e1sn\u011b von\u00edc\u00ed bylinku m\u016f\u017eete vyu\u017e\u00edt kr\u00e1sn\u011b v kuchyni. Bu\u010f ji pou\u017e\u00edvejte jenom tak v su\u0161en\u00e9m stavu na cokoliv chcete, dle chuti nebo V\u00e1m m\u016f\u017eeme poradit, k \u010demu se hod\u00ed nejl\u00e9pe. V\u00fdborn\u011b chutn\u00e1 v kombinaci s ryb\u00edm masem. Proto se d\u00e1v\u00e1 do r\u016fzn\u00fdch marin\u00e1d na maso nebo olej\u016f \u010di p\u0159i v\u00fdrob\u011b dom\u00e1c\u00edch m\u00e1sel. Jsme si jisti, \u017ee V\u00e1m zachutn\u00e1. Nen\u00ed nic lep\u0161\u00edho, ne\u017e j\u00edst to co n\u00e1m chutn\u00e1 a p\u0159itom d\u011blat n\u011bco pro sv\u00e9 zdrav\u00ed.                                                                                                                                                                                                                                                                                                                                                                                        4.7\/5 - (3 votes)        "},{"@context":"https:\/\/schema.org\/","@type":"BreadcrumbList","itemListElement":[{"@type":"ListItem","position":1,"name":"\u00da\u017easn\u00e1 \u0161alv\u011bj","item":"https:\/\/www.noves.cz\/uzasna-salvej\/#breadcrumbitem"}]}]