[{"@context":"https:\/\/schema.org\/","@type":"Article","@id":"https:\/\/www.noves.cz\/proc-se-nuzky-mezi-generacemi-rozsiruji\/#Article","mainEntityOfPage":"https:\/\/www.noves.cz\/proc-se-nuzky-mezi-generacemi-rozsiruji\/","headline":"Pro\u010d se n\u016f\u017eky mezi generacemi roz\u0161i\u0159uj\u00ed","name":"Pro\u010d se n\u016f\u017eky mezi generacemi roz\u0161i\u0159uj\u00ed","description":"Mo\u017en\u00e1 to mnoh\u00e9 lidi p\u0159ekvap\u00ed, ale neshody mezi r\u016fzn\u00fdmi generacemi zde byly v\u017edy. A \u010d\u00edm jsou si v\u011bkov\u011b vzd\u00e1len\u011bj\u0161\u00ed, t\u00edm [&hellip;]","datePublished":"2023-03-30","dateModified":"2023-04-25","author":{"@type":"Person","@id":"https:\/\/www.noves.cz\/author\/#Person","name":"","url":"https:\/\/www.noves.cz\/author\/","identifier":1,"image":{"@type":"ImageObject","@id":"https:\/\/secure.gravatar.com\/avatar\/9d25b0af9840660883a67790aa4f595ddc226aa4680c4cf7bc03a25c14fcef85?s=96&d=mm&r=g","url":"https:\/\/secure.gravatar.com\/avatar\/9d25b0af9840660883a67790aa4f595ddc226aa4680c4cf7bc03a25c14fcef85?s=96&d=mm&r=g","height":96,"width":96}},"publisher":{"@type":"Organization","name":"noves.cz","logo":{"@type":"ImageObject","@id":"\/logo.png","url":"\/logo.png","width":600,"height":60}},"image":{"@type":"ImageObject","@id":"https:\/\/www.noves.cz\/wp-content\/uploads\/dite4_10_5.jpg","url":"https:\/\/www.noves.cz\/wp-content\/uploads\/dite4_10_5.jpg","height":0,"width":0},"url":"https:\/\/www.noves.cz\/proc-se-nuzky-mezi-generacemi-rozsiruji\/","about":["Spole\u010dnost"],"wordCount":450,"articleBody":"Mo\u017en\u00e1 to mnoh\u00e9 lidi p\u0159ekvap\u00ed, ale neshody mezi r\u016fzn\u00fdmi generacemi zde byly v\u017edy. A \u010d\u00edm jsou si v\u011bkov\u011b vzd\u00e1len\u011bj\u0161\u00ed, t\u00edm m\u00e9n\u011b si rozum\u011bj\u00ed. Doklady o tom m\u00e1me ji\u017e z\u00a0antick\u00e9ho \u0158ecka. I zde si lid\u00e9 st\u011b\u017eovali na \u201elinou, po\u017eiva\u010dnou ml\u00e1de\u017e\u201c. Nejedn\u00e1 se tedy o n\u011bjak\u00fd nov\u00fd fenom\u00e9n. Pravdou v\u0161ak je, \u017ee v\u00a0posledn\u00edch n\u011bkolika letech nab\u00edr\u00e1 na s\u00edle v\u00edce, ne\u017e kdy jindy.\u00a0Asi nen\u00ed pot\u0159eba zmi\u0148ovat, \u017ee si lid\u00e9 z\u00a0r\u016fzn\u00fdch v\u011bkov\u00fdch kategori\u00ed nemohou t\u00e9m\u011b\u0159 p\u0159ij\u00edt na jm\u00e9no. Mlad\u00ed si o star\u00fdch lidech mysl\u00ed, \u017ee jsou zahled\u011bni do minulosti a nerozum\u00ed dne\u0161n\u00edmu sv\u011btu, o zastaral\u00fdch, nemodern\u00edch n\u00e1zorech ani nemluv\u011b.\u00a0\u00a0Naproti tomu sta\u0159\u00ed lid\u00e9 si \u010dasto zoufaj\u00ed, jak jsou ti mlad\u00ed l\u00edn\u00ed a neochotn\u00ed pracovat, a jak rychle \u017eij\u00ed, ani\u017e by u \u010dehokoliv d\u00e9le vydr\u017eeli. O tom, \u017ee si nev\u00e1\u017e\u00ed star\u00fdch zku\u0161enost\u00ed, kter\u00e9 nasb\u00edrali, ani nemluv\u011b. Ot\u00e1zkou v\u0161ak je, co za t\u00edmto fenom\u00e9nem stoj\u00ed.\u00a0Odpov\u011b\u010f je, \u017ee se jedn\u00e1 o p\u0159irozen\u00fd v\u00fdvoj spole\u010dnosti. Zat\u00edmco mlad\u00ed jsou pln\u00ed nov\u00fdch n\u00e1pad\u016f a s\u00a0nad\u0161en\u00edm zkou\u0161\u00ed st\u00e1le nov\u00e9 v\u011bci, star\u0161\u00ed generace by m\u011bla p\u016fsobit jako jak\u00e1si brzdn\u00e1 s\u00edla a zabr\u00e1nit jim, aby ve sv\u00e9m nad\u0161en\u00ed za\u0161li a\u017e p\u0159\u00edli\u0161 daleko. Bohu\u017eel, v\u00a0dne\u0161n\u00ed spole\u010dnosti to ani zdaleka nefunguje.\u00a0\u00a0Jedn\u00edm z\u00a0hlavn\u00edch d\u016fvod\u016f nen\u00ed ani tak politika, i kdy\u017e je pravdou, \u017ee se mnoz\u00ed politici sna\u017e\u00ed tyto \u201egenera\u010dn\u00ed n\u016f\u017eky\u201c je\u0161t\u011b v\u00edce rozev\u0159\u00edt, aby tak z\u00edskali z\u00a0dan\u00e9 skupiny v\u00edce voli\u010d\u016f t\u00edm, \u017ee je sjednot\u00ed proti jednomu probl\u00e9mu. Prvotn\u00ed p\u0159\u00ed\u010dinou je zde sou\u010dasn\u00fd skute\u010dn\u011b p\u0159ekotn\u00fd v\u00fdvoj, hlavn\u011b technologick\u00fd.\u00a0Koneckonc\u016f sta\u010d\u00ed se jen zamyslet, jak vypadaly nap\u0159\u00edklad mobiln\u00ed telefony p\u0159ed deseti \u010di dvaceti lety. Sta\u0159\u00ed lid\u00e9 se tomuto tempu ji\u017e t\u011b\u017eko p\u0159izp\u016fsobuj\u00ed (i kdy\u017e i zde samoz\u0159ejm\u011b existuj\u00ed v\u00fdjimky), co\u017e jim jen p\u0159id\u00e1v\u00e1 na frustraci. Nerozum\u00ed sv\u00fdm vnou\u010dat\u016fm, nebo\u0165 mnohdy ani netu\u0161\u00ed, o \u010dem to vlastn\u011b mluv\u00ed, co\u017e je pro ob\u011b strany zna\u010dn\u011b frustruj\u00edc\u00ed.\u00a0Bohu\u017eel, neexistuje zde \u017e\u00e1dn\u00e9 rychl\u00e9 a snadn\u00e9 \u0159e\u0161en\u00ed. Jedin\u011b v\u00e9st babi\u010dky a d\u011bde\u010dky pomal\u00fdmi kr\u016f\u010dky k\u00a0pochopen\u00ed modern\u00ed techniky a mlad\u00e9 zase k\u00a0tomu, \u017ee jejich prarodi\u010de novinky tak rychle nech\u00e1pou. A to nen\u00ed nijak jednoduch\u00e9.                                                                                                                                                                                                                                                                                                                                                                                        3.6\/5 - (10 votes)        "},{"@context":"https:\/\/schema.org\/","@type":"BreadcrumbList","itemListElement":[{"@type":"ListItem","position":1,"name":"Pro\u010d se n\u016f\u017eky mezi generacemi roz\u0161i\u0159uj\u00ed","item":"https:\/\/www.noves.cz\/proc-se-nuzky-mezi-generacemi-rozsiruji\/#breadcrumbitem"}]}]