[{"@context":"https:\/\/schema.org\/","@type":"Article","@id":"https:\/\/www.noves.cz\/proc-je-dobre-vozit-dite-v-detske-sedacce\/#Article","mainEntityOfPage":"https:\/\/www.noves.cz\/proc-je-dobre-vozit-dite-v-detske-sedacce\/","headline":"Pro\u010d je dobr\u00e9 vozit d\u00edt\u011b v d\u011btsk\u00e9 seda\u010dce","name":"Pro\u010d je dobr\u00e9 vozit d\u00edt\u011b v d\u011btsk\u00e9 seda\u010dce","description":"Nen\u00ed \u017e\u00e1dn\u00fdm tajemstv\u00edm, \u017ee motorist\u00e9 mus\u00ed dodr\u017eovat velk\u00e9 mno\u017estv\u00ed p\u0159edpis\u016f a na\u0159\u00edzen\u00ed. Ta jsou z\u00a0velk\u00e9 \u010d\u00e1sti ur\u010dena pro zv\u00fd\u0161en\u00ed bezpe\u010dnosti [&hellip;]","datePublished":"2023-03-25","dateModified":"2023-04-25","author":{"@type":"Person","@id":"https:\/\/www.noves.cz\/author\/#Person","name":"","url":"https:\/\/www.noves.cz\/author\/","identifier":1,"image":{"@type":"ImageObject","@id":"https:\/\/secure.gravatar.com\/avatar\/9d25b0af9840660883a67790aa4f595ddc226aa4680c4cf7bc03a25c14fcef85?s=96&d=mm&r=g","url":"https:\/\/secure.gravatar.com\/avatar\/9d25b0af9840660883a67790aa4f595ddc226aa4680c4cf7bc03a25c14fcef85?s=96&d=mm&r=g","height":96,"width":96}},"publisher":{"@type":"Organization","name":"noves.cz","logo":{"@type":"ImageObject","@id":"\/logo.png","url":"\/logo.png","width":600,"height":60}},"image":{"@type":"ImageObject","@id":"https:\/\/www.noves.cz\/wp-content\/uploads\/dite3_2.jpg","url":"https:\/\/www.noves.cz\/wp-content\/uploads\/dite3_2.jpg","height":0,"width":0},"url":"https:\/\/www.noves.cz\/proc-je-dobre-vozit-dite-v-detske-sedacce\/","about":["Auto moto"],"wordCount":454,"articleBody":"Nen\u00ed \u017e\u00e1dn\u00fdm tajemstv\u00edm, \u017ee motorist\u00e9 mus\u00ed dodr\u017eovat velk\u00e9 mno\u017estv\u00ed p\u0159edpis\u016f a na\u0159\u00edzen\u00ed. Ta jsou z\u00a0velk\u00e9 \u010d\u00e1sti ur\u010dena pro zv\u00fd\u0161en\u00ed bezpe\u010dnosti na dopravn\u00edch komunikac\u00edch. Zdaleka ne v\u0161echny jsou v\u0161ak dodr\u017eov\u00e1ny, a ne u v\u0161ech ch\u00e1pou \u0159idi\u010di smysl.\u00a0Jedn\u00edm z\u00a0nich je i ta \u010d\u00e1st z\u00e1kona, kter\u00e1 na\u0159izuje vozit d\u00edt\u011b v\u00a0aut\u011b pouze na zadn\u00edm sedadle, a to nav\u00edc je\u0161t\u011b ve speci\u00e1ln\u00ed d\u011btsk\u00e9 seda\u010dce. To je n\u011bco, nad \u010d\u00edm mnoho lid\u00ed krout\u00ed hlavou. Koneckonc\u016f, takov\u00fd z\u00e1kon je\u0161t\u011b p\u0159ed p\u00e1r desetilet\u00edmi neexistoval. D\u011bti b\u011b\u017en\u011b jezdily na p\u0159edn\u00edm sedadle bez jak\u00fdchkoliv probl\u00e9m\u016f. Pro\u010d je tedy nyn\u00ed v\u0161echno jinak?\u00a0\u00a0D\u016fvodem je samoz\u0159ejm\u011b zv\u00fd\u0161en\u00ed bezpe\u010dnosti d\u011bt\u00ed. Sta\u010d\u00ed se toti\u017e pod\u00edvat na videa z\u00a0nejr\u016fzn\u011bj\u0161\u00edch crash test\u016f, abychom vid\u011bli, co s\u00a0d\u00edt\u011btem m\u016f\u017ee ud\u011blat i m\u00edrn\u00fd n\u00e1raz. V\u00a0podstat\u011b jej vymr\u0161t\u00ed kup\u0159edu, p\u0159i\u010dem\u017e \u010dasto proraz\u00ed i \u010deln\u00ed sklo vozu. Je pak jasn\u00e9, \u017ee d\u00edt\u011b tohle v\u00a0naprost\u00e9 v\u011bt\u0161in\u011b p\u0159\u00edpad\u016f nep\u0159e\u017eije.\u00a0Dobr\u00e1, ale co kdy\u017e je p\u0159ipout\u00e1me klasick\u00fdm p\u00e1sem, m\u016f\u017eeme nam\u00edtnout. Koneckonc\u016f, povinnost b\u00fdt za j\u00edzdy p\u0159ipout\u00e1n je v\u00a0z\u00e1kon\u011b ji\u017e mnoho let, a plat\u00ed pro v\u0161echny, v\u010detn\u011b d\u011bt\u00ed. Ne\u0159e\u0161\u00ed se t\u00edm vlastn\u011b cel\u00fd tento probl\u00e9m?\u00a0\u00a0Bohu\u017eel, ne\u0159e\u0161\u00ed. Je pot\u0159eba si uv\u011bdomit, \u017ee klasick\u00e9 bezpe\u010dnostn\u00ed p\u00e1sy jsou vyr\u00e1b\u011bny na dosp\u011blou postavu. To znamen\u00e1, \u017ee a\u010dkoliv dosp\u011bl\u00e9ho \u010dlov\u011bka p\u0159i n\u00e1razu pom\u011brn\u011b bezpe\u010dn\u011b ochr\u00e1n\u00ed, u d\u011bt\u00ed je tomu jinak. Ty jsou toti\u017e p\u0159\u00edli\u0161 mal\u00e9, a z\u00a0p\u00e1su p\u0159i n\u00e1razu doslova vylet\u00ed. Rozhodn\u011b je tedy nezadr\u017e\u00ed tak, jak by m\u011bl.\u00a0A pr\u00e1v\u011b zde p\u0159ich\u00e1z\u00ed ke slovu d\u011btsk\u00e9 seda\u010dky. Poskytuj\u00ed mnohem v\u011bt\u0161\u00ed bezpe\u010d\u00ed a p\u0159i nehod\u011b zna\u010dn\u011b zvy\u0161uj\u00ed pravd\u011bpodobnost, \u017ee d\u00edt\u011b vyv\u00e1zne jen s\u00a0minim\u00e1ln\u00edmi n\u00e1sledky. A to je n\u011bco, o co by m\u011bl st\u00e1t ka\u017ed\u00fd rodi\u010d.\u00a0Pro\u010d tomu tedy tak nen\u00ed? D\u016fvodem je, \u017ee \u0159idi\u010di \u010dasto podce\u0148uj\u00ed nebezpe\u010d\u00ed, kter\u00e9mu se p\u0159i j\u00edzd\u011b vystavuj\u00ed, a naopak mnohdy p\u0159ece\u0148uj\u00ed sv\u00e9 \u0159idi\u010dsk\u00e9 schopnosti. Jednodu\u0161e \u0159e\u010deno, neum\u00ed si p\u0159edstavit, \u017ee by se mohli st\u00e1t \u00fa\u010dastn\u00edky dopravn\u00ed nehody. N\u00e1sledky jsou pak bohu\u017eel mnohdy tragick\u00e9.                                                                                                                                                                                                                                                                                                                                                                                        4.5\/5 - (8 votes)        "},{"@context":"https:\/\/schema.org\/","@type":"BreadcrumbList","itemListElement":[{"@type":"ListItem","position":1,"name":"Pro\u010d je dobr\u00e9 vozit d\u00edt\u011b v d\u011btsk\u00e9 seda\u010dce","item":"https:\/\/www.noves.cz\/proc-je-dobre-vozit-dite-v-detske-sedacce\/#breadcrumbitem"}]}]