[{"@context":"https:\/\/schema.org\/","@type":"Article","@id":"https:\/\/www.noves.cz\/politika-a-media\/#Article","mainEntityOfPage":"https:\/\/www.noves.cz\/politika-a-media\/","headline":"Politika a m\u00e9dia","name":"Politika a m\u00e9dia","description":"Politika je n\u011bco, o co se zaj\u00edm\u00e1 opravdu hodn\u011b lid\u00ed, a to tak\u00e9 samoz\u0159ejm\u011b z r\u016fzn\u00fdch d\u016fvod\u016f. A to nemysl\u00edm, [&hellip;]","datePublished":"2022-10-11","dateModified":"2023-05-18","author":{"@type":"Person","@id":"https:\/\/www.noves.cz\/author\/#Person","name":"","url":"https:\/\/www.noves.cz\/author\/","identifier":1,"image":{"@type":"ImageObject","@id":"https:\/\/secure.gravatar.com\/avatar\/9d25b0af9840660883a67790aa4f595ddc226aa4680c4cf7bc03a25c14fcef85?s=96&d=mm&r=g","url":"https:\/\/secure.gravatar.com\/avatar\/9d25b0af9840660883a67790aa4f595ddc226aa4680c4cf7bc03a25c14fcef85?s=96&d=mm&r=g","height":96,"width":96}},"publisher":{"@type":"Organization","name":"noves.cz","logo":{"@type":"ImageObject","@id":"\/logo.png","url":"\/logo.png","width":600,"height":60}},"image":{"@type":"ImageObject","@id":"https:\/\/www.noves.cz\/wp-content\/uploads\/handshake-4612930_960_720.jpg","url":"https:\/\/www.noves.cz\/wp-content\/uploads\/handshake-4612930_960_720.jpg","height":0,"width":0},"url":"https:\/\/www.noves.cz\/politika-a-media\/","about":["Politika"],"wordCount":459,"articleBody":"Politika je n\u011bco, o co se zaj\u00edm\u00e1 opravdu hodn\u011b lid\u00ed, a to tak\u00e9 samoz\u0159ejm\u011b z r\u016fzn\u00fdch d\u016fvod\u016f. A to nemysl\u00edm, \u017ee se o politiku zaj\u00edmaj\u00ed jenom n\u011bjac\u00ed lid\u00e9, kte\u0159\u00ed se o politiku zaj\u00edmaj\u00ed a pohybuj\u00ed se v n\u00ed. Proto\u017ee o politiku se m\u016f\u017ee zaj\u00edmat opravdu kdokoliv, a to v jak\u00e9mkoliv v\u011bku. A st\u00e1le nikdy nezapomenu na sv\u00e9ho d\u011bde\u010dka, kter\u00fd v\u017edycky, kdy\u017e se d\u00edval na televizi, tak na politiku opravdu hodn\u011b nad\u00e1val. Tak\u00e9 kolikr\u00e1t kdy\u017e jsem si tak\u00e9 s babi\u010dkou klepala na \u010delo a divila jsem se, pro\u010d se d\u011bde\u010dek v\u016fbec d\u00edv\u00e1 na politiku v televizi, kdy\u017e jenom potom nad\u00e1v\u00e1 a s\u00e1m o sob\u011b \u0159\u00edk\u00e1, \u017ee ho jednou z toho tref\u00ed \u0161lak. A kdy\u017e jsem potom vyrostla, tak jsem zjistila, \u017ee d\u011bde\u010dek m\u011bl n\u011bkdy v\u00e1\u017en\u011b pravdu. Proto\u017ee bu\u010f d\u011bde\u010dek mi st\u00e1le dokola \u0159\u00edkal, \u017ee politika je takov\u00e1, \u017ee \u010dlov\u011bk ani nev\u00ed, co od politiky vlastn\u011b m\u016f\u017ee o\u010dek\u00e1vat. Kdy\u017e to tak vezmu, tak je to pravda. Proto\u017ee kdy\u017e se d\u00edv\u00e1m na televizi a je tam politick\u00e9 t\u00e9ma, tak si ihned sednu na seda\u010dku a poslouch\u00e1m, o co to v\u016fbec jde. Proto\u017ee kolikr\u00e1t se mi stane, \u017ee najedu na programu se n\u011bkdo bav\u00ed o politice. A potom, kdy\u017e p\u0159epnu na druh\u00fd program, tak se tam ti sam\u00ed lid\u00e9 bav\u00ed o politice, ale zase maj\u00ed na to jin\u00e9 n\u00e1zory. tak\u017ee kolikr\u00e1t si tak\u00e9 \u0159\u00edk\u00e1m, jestli politika nen\u00ed jenom n\u011bjak\u00e1 \u0161a\u0161k\u00e1rna anebo cirkus, proto\u017ee kolikr\u00e1t sl\u00fdch\u00e1m tak\u00e9 r\u016fzn\u00e9 n\u00e1zory od lid\u00ed, kter\u00e9 potom ani nejsou pravda.Proto\u017ee na internetu se t\u0159eba p\u00ed\u0161e o politice n\u011bco jin\u00e9ho, zat\u00edmco v televizi zase \u0159\u00edkaj\u00ed \u00fapln\u011b prav\u00fd opak. N\u011bkdy m\u00e1m z toho v\u00e1\u017en\u011b hlavu zamotanou, \u017ee u\u017e ani nev\u00edm, jestli v\u016fbec n\u011bjak\u00e1 politika je, jestli to v\u0161echno kolem nen\u00ed jenom n\u011bjak\u00e1 hra anebo n\u00e1hra\u017eka n\u011b\u010deho, aby lid\u00e9 jenom n\u011b\u010demu v\u011b\u0159ili. Z\u00e1le\u017e\u00ed ale sama z\u0159ejm\u011b pouze jenom na lidech, \u010demu oni sami budou v\u011b\u0159it, proto\u017ee i d\u016fv\u011bra v n\u011bco je velice d\u016fle\u017eit\u00e1. Proto\u017ee \u010dlov\u011bk bez toho, ani\u017e by v n\u011bco uv\u011b\u0159il nebo d\u016fv\u011b\u0159oval, tak by byl potom smutn\u00fd. \u010clov\u011bk pot\u0159ebuje m\u00edt prost\u011b n\u011bco, \u010demu m\u016f\u017ee v\u011b\u0159it anebo o co se m\u016f\u017ee op\u0159\u00edt. A bude to v\u016fbec politika?\u00a0                                                                                                                                                                                                                                                                                                                                                                                        4.7\/5 - (8 votes)        "},{"@context":"https:\/\/schema.org\/","@type":"BreadcrumbList","itemListElement":[{"@type":"ListItem","position":1,"name":"Politika a m\u00e9dia","item":"https:\/\/www.noves.cz\/politika-a-media\/#breadcrumbitem"}]}]