[{"@context":"https:\/\/schema.org\/","@type":"Article","@id":"https:\/\/www.noves.cz\/motorky-veterany\/#Article","mainEntityOfPage":"https:\/\/www.noves.cz\/motorky-veterany\/","headline":"Motorky veter\u00e1ny","name":"Motorky veter\u00e1ny","description":"Motorky m\u011b v\u017edycky l\u00e1kaly. Samoz\u0159ejm\u011b, \u017ee to nebylo nic extra, \u017ee bych tak\u00e9 na tom cht\u011bla jezdit. Motorek jsem se [&hellip;]","datePublished":"2024-04-17","dateModified":"2024-05-17","author":{"@type":"Person","@id":"https:\/\/www.noves.cz\/author\/#Person","name":"","url":"https:\/\/www.noves.cz\/author\/","identifier":1,"image":{"@type":"ImageObject","@id":"https:\/\/secure.gravatar.com\/avatar\/9d25b0af9840660883a67790aa4f595ddc226aa4680c4cf7bc03a25c14fcef85?s=96&d=mm&r=g","url":"https:\/\/secure.gravatar.com\/avatar\/9d25b0af9840660883a67790aa4f595ddc226aa4680c4cf7bc03a25c14fcef85?s=96&d=mm&r=g","height":96,"width":96}},"publisher":{"@type":"Organization","name":"noves.cz","logo":{"@type":"ImageObject","@id":"\/logo.png","url":"\/logo.png","width":600,"height":60}},"image":{"@type":"ImageObject","@id":"https:\/\/www.noves.cz\/wp-content\/uploads\/street-1284362_960_720.jpg","url":"https:\/\/www.noves.cz\/wp-content\/uploads\/street-1284362_960_720.jpg","height":0,"width":0},"url":"https:\/\/www.noves.cz\/motorky-veterany\/","about":["Moto"],"wordCount":415,"articleBody":"Motorky m\u011b v\u017edycky l\u00e1kaly. Samoz\u0159ejm\u011b, \u017ee to nebylo nic extra, \u017ee bych tak\u00e9 na tom cht\u011bla jezdit. Motorek jsem se b\u00e1la, ale motorky m\u011b p\u0159itahovaly \u00fapln\u011b jinak. Jednodu\u0161e se mi\u00a0l\u00edbily a kdybych mohla, tak bych je nejrad\u011bji sb\u00edrala. Byla bych sb\u011bratelka motorek, jenom\u017ee jak tohle ud\u011blat. \u00a0Logicky, \u017ee by to bylo opravdu hodn\u011b n\u00e1ro\u010dn\u00e9. V\u016fbec bych nev\u011bd\u011bla, jak m\u00e1m sb\u00edrat motorky. To bych pot\u0159ebovala snad t\u0159i\u00a0anebo \u010dty\u0159i\u00a0velik\u00e9 gar\u00e1\u017ee anebo mo\u017en\u00e1 i v\u00edce gar\u00e1\u017e\u00ed. Z\u00e1le\u017eelo by na tom, jak a co bych mohla sb\u00edrat. Mn\u011b se l\u00edbily takov\u00e9 opravdu hodn\u011b retro star\u00e9 veter\u00e1ny. Tohle se mi l\u00edbilo. A kdy\u017e jsem potom \u0161la najednou burzu motork\u00e1\u0159sk\u00fdch veter\u00e1n\u016f a motork\u00e1\u0159sk\u00fdch dopl\u0148k\u016f, tak jsem se dozv\u011bd\u011bla, \u017ee pr\u00e1v\u011b veter\u00e1ny stoj\u00ed opravdu hodn\u011b pen\u011bz. N\u011bkter\u00e9 veter\u00e1ny stoj\u00ed n\u011bkdy opravdu o hodn\u011b v\u00edce pen\u011bz ne\u017e t\u0159eba n\u011bjak\u00e1 v\u011bt\u0161\u00ed \u00fapln\u011b nov\u00e1 zbrusu nov\u00e1 motorka, tak jsem si \u0159ekla, co tohle m\u00e1 znamenat? Jak m\u016f\u017ee veter\u00e1n st\u00e1t tolik pen\u011bz? Pozd\u011bji jsem se dozv\u011bd\u011bla, \u017ee odpov\u011b\u010f je \u00fapln\u011b jednoduch\u00e1, proto\u017ee veter\u00e1n je star\u00fd a u\u017e se nikdy nebude vyr\u00e1b\u011bt. T\u0159eba stolet\u00e1 motorka m\u00e1 v\u011bt\u0161\u00ed cenu ne\u017e \u00fapln\u011b nov\u00e1 Honda. A ono to vlastn\u011b zn\u00ed logicky, ale st\u00e1le\u00a0se setk\u00e1v\u00e1m s lidmi, kte\u0159\u00ed v\u016fbec nech\u00e1pou, \u017ee je n\u011bkdo ochotn\u00fd d\u00e1t opravdu velk\u00e9 statis\u00edce za starou motorku. Kdy\u017e si m\u016f\u017ee za p\u00e1r des\u00edtek tis\u00edc\u00a0koupit \u00fapln\u011b novou motorku. Nyn\u00ed u\u017e tohle ch\u00e1pu. Kdy\u017e je n\u011bkdo sb\u011bratel veter\u00e1n\u016f, a to hlavn\u011b motoristick\u00fdch veter\u00e1n\u016f, tak je logick\u00e9, \u017ee si p\u0159iplat\u00ed. Vid\u011bla jsem dokonce tak\u00e9 jednu\u00a0motorku, kter\u00e1 byla veter\u00e1n a m\u011bla sto deset\u00a0let. Nebylo to n\u011bco extra, ale bylo to extra z pohledu historie. A prodala se za \u0161est\u00a0a p\u016fl milionu korun. \u00dapln\u011b jsem ji cht\u011bla, ale bohu\u017eel bych do n\u00ed nemohla d\u00e1t ani p\u016fl milionu korun. Jsem chud\u00e1 a nem\u00e1m na motorku veter\u00e1na, ale budu doufat, \u017ee jednoho\u00a0dne se to zm\u011bn\u00ed a po\u0159\u00edd\u00edm si alespo\u0148 jednu\u00a0kvalitn\u00ed motorku, kter\u00e1 bude veter\u00e1n.\u00a0                                                                                                                                                                                                                                                                                                                                                                                        3.7\/5 - (13 votes)        "},{"@context":"https:\/\/schema.org\/","@type":"BreadcrumbList","itemListElement":[{"@type":"ListItem","position":1,"name":"Motorky veter\u00e1ny","item":"https:\/\/www.noves.cz\/motorky-veterany\/#breadcrumbitem"}]}]