[{"@context":"https:\/\/schema.org\/","@type":"Article","@id":"https:\/\/www.noves.cz\/kdyz-za-vas-uklizi-v-panelaku-profesionalove-je-to-pohoda\/#Article","mainEntityOfPage":"https:\/\/www.noves.cz\/kdyz-za-vas-uklizi-v-panelaku-profesionalove-je-to-pohoda\/","headline":"Kdy\u017e za v\u00e1s ukl\u00edz\u00ed v panel\u00e1ku profesion\u00e1lov\u00e9, je to pohoda","name":"Kdy\u017e za v\u00e1s ukl\u00edz\u00ed v panel\u00e1ku profesion\u00e1lov\u00e9, je to pohoda","description":"Kdybychom se v\u00e1s zeptali, jak byste vyj\u00e1d\u0159ili docela oby\u010dejn\u00e9 sl\u016fvko \u201epohoda\u201c, jak byste odpov\u00eddali? N\u011bkoho z v\u00e1s by mo\u017en\u00e1 napadlo [&hellip;]","datePublished":"2025-02-11","dateModified":"2025-02-11","author":{"@type":"Person","@id":"https:\/\/www.noves.cz\/author\/#Person","name":"","url":"https:\/\/www.noves.cz\/author\/","identifier":1,"image":{"@type":"ImageObject","@id":"https:\/\/secure.gravatar.com\/avatar\/9d25b0af9840660883a67790aa4f595ddc226aa4680c4cf7bc03a25c14fcef85?s=96&d=mm&r=g","url":"https:\/\/secure.gravatar.com\/avatar\/9d25b0af9840660883a67790aa4f595ddc226aa4680c4cf7bc03a25c14fcef85?s=96&d=mm&r=g","height":96,"width":96}},"publisher":{"@type":"Organization","name":"noves.cz","logo":{"@type":"ImageObject","@id":"\/logo.png","url":"\/logo.png","width":600,"height":60}},"image":{"@type":"ImageObject","@id":"https:\/\/www.noves.cz\/wp-content\/uploads\/block-of-houses-5020545_640_6.jpg","url":"https:\/\/www.noves.cz\/wp-content\/uploads\/block-of-houses-5020545_640_6.jpg","height":0,"width":0},"url":"https:\/\/www.noves.cz\/kdyz-za-vas-uklizi-v-panelaku-profesionalove-je-to-pohoda\/","about":["Podnik\u00e1n\u00ed"],"wordCount":420,"articleBody":"           Kdybychom se v\u00e1s zeptali, jak byste vyj\u00e1d\u0159ili docela oby\u010dejn\u00e9 sl\u016fvko \u201epohoda\u201c, jak byste odpov\u00eddali? N\u011bkoho z v\u00e1s by mo\u017en\u00e1 napadlo vzpomenout si na p\u00edse\u0148 Jaroslava Samsona Lenka se stejn\u00fdm n\u00e1zvem a zaj\u00edmav\u00fdm textem, ov\u0161em my m\u00e1me pro v\u00e1s je\u0161t\u011b jeden n\u00e1vrh. Zkuste si p\u0159edstavit pohodu i tak, \u017ee za v\u00e1s n\u011bkdo ukl\u00edz\u00ed bytov\u00fd d\u016fm. Tedy jeho spole\u010dn\u00e9 prostory.\u00daklid panelov\u00fdch dom\u016f v Praze dnes realizuj\u00ed i \u00faklidov\u00e9 firmy pot\u00e9, co se na domovn\u00ed sch\u016fzi SVJ na tomto postupu dohodnou spoluvlastn\u00edci objektu. Co t\u00edm vlastn\u011b z\u00edskaj\u00ed?\u00dabytek pr\u00e1ce a n\u00e1mahy \u2013 je celkem jasn\u00e9, \u017ee kdy\u017e za v\u00e1s ukl\u00edz\u00ed n\u011bkdo jin\u00fd, \u017ee va\u0161\u00ed energii m\u016f\u017eete vyu\u017e\u00edt jin\u00fdm zp\u016fsobem. M\u016f\u017eete si j\u00edt zasportovat, projet se na kole, j\u00edt na proch\u00e1zku se psem do voln\u00e9 p\u0159\u00edrody a nemus\u00edte v\u00e1\u0161 \u010das tr\u00e1vit v uzav\u0159en\u00fdch prostor\u00e1ch zpravidla nep\u0159\u00edli\u0161 vzhledn\u00fdch chodeb a schodi\u0161\u0165 panelov\u00e9ho domu. \u010cas \u2013 na\u010d ztr\u00e1cet \u010das pob\u00edh\u00e1n\u00edm se smet\u00e1kem a mopem po schodi\u0161ti, kdy\u017e m\u016f\u017eete b\u00fdt \u00fapln\u011b n\u011bkde jinde? Nam\u00edsto p\u016flhodiny str\u00e1ven\u00e9 ka\u017ed\u00fd t\u00fdden ve spole\u010dn\u00fdch prostor\u00e1ch panel\u00e1ku tu p\u016flhodinu t\u0159eba vyu\u017eijete pro \u0161it\u00ed sportovn\u00ed bundy na va\u0161em \u0161ic\u00edm stroji, anebo k v\u00fdrob\u011b poli\u010dek pro pokojov\u00e9 rostliny, s nimi\u017e v\u00e1\u0161 byt z\u00edsk\u00e1 kr\u00e1snou dekorativn\u00ed v\u00fdzdobu.Dohady se sousedy \u2013 p\u0159edstavte si, \u017ee v\u00e1s na chodb\u011b p\u0159ed vstupem do bytu odchyt\u00ed sousedka, kter\u00e1 v\u00e1m vynad\u00e1, \u017ee jste op\u011bt zapomn\u011bli vyt\u0159\u00edt schody, a \u017ee to ona nebude st\u00e1le d\u011blat za v\u00e1s. M\u00e1te zapot\u0159eb\u00ed dohady s lidmi kv\u016fli \u00faklidu, kdy\u017e t\u0159eba na zamet\u00e1n\u00ed a vyt\u00edr\u00e1n\u00ed chodby zapomenete a nen\u00ed v tom zl\u00fd \u00famysl? Zanedb\u00e1van\u00fd \u00faklid spole\u010dn\u00fdch prostor m\u016f\u017ee p\u0159in\u00e1\u0161et takov\u00e9to nep\u0159\u00edjemnosti, ale jakmile za v\u00e1s za\u010dne ukl\u00edzet \u00faklidov\u00e1 firma dle p\u0159edem stanoven\u00e9ho harmonogramu, r\u00e1zem je po v\u0161em. M\u016f\u017ee to v\u00fdznamn\u011b p\u0159isp\u011bt i k dobr\u00fdm mezilidsk\u00fdm vztah\u016fm a ty jsou p\u0159ece t\u00edm z\u00e1sadn\u00edm v lidsk\u00e9m \u017eivot\u011b, co mu d\u00e1v\u00e1 jeho pozitivn\u00ed smysl.                                                                                                                                                                                                                                                                                                                                                                                          4.6\/5 - (5 votes)        "},{"@context":"https:\/\/schema.org\/","@type":"BreadcrumbList","itemListElement":[{"@type":"ListItem","position":1,"name":"Kdy\u017e za v\u00e1s ukl\u00edz\u00ed v panel\u00e1ku profesion\u00e1lov\u00e9, je to pohoda","item":"https:\/\/www.noves.cz\/kdyz-za-vas-uklizi-v-panelaku-profesionalove-je-to-pohoda\/#breadcrumbitem"}]}]