[{"@context":"https:\/\/schema.org\/","@type":"Article","@id":"https:\/\/www.noves.cz\/kdyz-je-vas-muz-vice-na-motorce-nez-s-vami\/#Article","mainEntityOfPage":"https:\/\/www.noves.cz\/kdyz-je-vas-muz-vice-na-motorce-nez-s-vami\/","headline":"Kdy\u017e je v\u00e1\u0161 mu\u017e v\u00edce na motorce, ne\u017e s v\u00e1mi..","name":"Kdy\u017e je v\u00e1\u0161 mu\u017e v\u00edce na motorce, ne\u017e s v\u00e1mi..","description":"St\u00e1v\u00e1 se, \u017ee se najdou mu\u017ei, kte\u0159\u00ed rad\u011bji tr\u00e1v\u00ed \u010das na motorce nebo na kole, a to daleko v\u00edce ne\u017e [&hellip;]","datePublished":"2022-11-30","dateModified":"2023-05-31","author":{"@type":"Person","@id":"https:\/\/www.noves.cz\/author\/#Person","name":"","url":"https:\/\/www.noves.cz\/author\/","identifier":1,"image":{"@type":"ImageObject","@id":"https:\/\/secure.gravatar.com\/avatar\/9d25b0af9840660883a67790aa4f595ddc226aa4680c4cf7bc03a25c14fcef85?s=96&d=mm&r=g","url":"https:\/\/secure.gravatar.com\/avatar\/9d25b0af9840660883a67790aa4f595ddc226aa4680c4cf7bc03a25c14fcef85?s=96&d=mm&r=g","height":96,"width":96}},"publisher":{"@type":"Organization","name":"noves.cz","logo":{"@type":"ImageObject","@id":"\/logo.png","url":"\/logo.png","width":600,"height":60}},"image":{"@type":"ImageObject","@id":"https:\/\/www.noves.cz\/wp-content\/uploads\/moto_10_7.JPG","url":"https:\/\/www.noves.cz\/wp-content\/uploads\/moto_10_7.JPG","height":0,"width":0},"url":"https:\/\/www.noves.cz\/kdyz-je-vas-muz-vice-na-motorce-nez-s-vami\/","about":["Moto"],"wordCount":455,"articleBody":"St\u00e1v\u00e1 se, \u017ee se najdou mu\u017ei, kte\u0159\u00ed rad\u011bji tr\u00e1v\u00ed \u010das na motorce nebo na kole, a to daleko v\u00edce ne\u017e se svou \u017eenou. Je jasn\u00e9, \u017ee jak mu\u017e, tak i \u017eena pot\u0159ebuj\u00ed jednou za \u010das ur\u010dit\u00fd \u010das sami na sebe, ale pokud se st\u00e1v\u00e1, \u017ee mu\u017e tr\u00e1v\u00ed opravdu v\u00edce \u010dasu na motorce ne\u017e s\u00a0v\u00e1mi, dob\u0159e to nen\u00ed. Pokud jste se nav\u00edc u\u017e dan\u00e9ho mu\u017ee na n\u011bco takov\u00e9ho ptala a on v\u00e1m na to nic ne\u0159ekl nebo odpov\u011bd\u011bl tak, \u017ee jste s\u00a0odpov\u011bd\u00ed nebyla spokojen\u00e1, bylo by vhodn\u00e9 si o tom v\u00e1\u017en\u011b promluvit. I kv\u016fli n\u011b\u010demu takov\u00e9mu rozhodn\u011b m\u016f\u017ee skon\u010dit vztah. Jsou mu\u017ei, kte\u0159\u00ed si mysl\u00ed, \u017ee t\u00edm, \u017ee ji\u017e z\u00edskali n\u011bjakou \u017eenu, nemusej\u00ed nic \u0159e\u0161it. Tuhle p\u0159edstavu m\u00e1 opravdu mnoho mu\u017e\u016f a mnoho z\u00a0nich si skute\u010dn\u011b mysl\u00ed, \u017ee kdy\u017e u\u017e n\u011bjakou tu \u017eenu maj\u00ed, nemusej\u00ed d\u011blat v\u016fbec nic, a to v\u010detn\u011b toho, \u017ee se j\u00ed nemusej\u00ed v\u011bnovat. \u017deny to ale vid\u00ed \u00fapln\u011b jinak. Najde se mnoho \u017een, kter\u00e9 se jsou schopn\u00e9 se s\u00a0mu\u017eem rozej\u00edt a to proto, \u017ee \u017een\u011b nev\u011bnuje tolik \u010dasu a pozornosti, kolik si \u017eena zaslou\u017e\u00ed. Rozhodn\u011b by bylo vhodn\u00e9, pokud by se nad sebou mu\u017e zamyslel, pokud o v\u00e1s nechce p\u0159ij\u00edt. Mo\u017en\u00e1 by nemuselo b\u00fdt od v\u011bci n\u011bco takov\u00e9ho dan\u00e9mu mu\u017ei \u0159\u00edct. Pro mnoho mu\u017e\u016f je n\u011bco takov\u00e9ho sign\u00e1lem, \u017ee je n\u011bco \u0161patn\u011b a \u017ee by m\u011bl rozhodn\u011b n\u011bco d\u011blat. N\u011bkte\u0159\u00ed mu\u017ei se d\u00edky tomu nad sebou zamysl\u00ed a ud\u011blaj\u00ed v\u0161e proto, aby o v\u00e1s nep\u0159i\u0161li. Jsou ale i tac\u00ed, kte\u0159\u00ed neud\u011blaj\u00ed v\u016fbec nic a na konec o \u017eenu opravdu p\u0159ijdou. I kdy\u017e se jim v\u00a0budoucnu poda\u0159\u00ed naj\u00edt si \u017eenu dal\u0161\u00ed, je dost mo\u017en\u00e9, \u017ee po \u010dase p\u0159ijdou i o ni, proto\u017ee to bude \u00fapln\u011b to stejn\u00e9. Mnoho mu\u017e\u016f by si m\u011blo ud\u011blat ve sv\u00e9m \u017eivot\u011b po\u0159\u00e1dek, proto\u017ee jedin\u011b tak to nedopadne tak, \u017ee by byl dan\u00fd mu\u017e po zbytek \u017eivota u\u017e jen s\u00e1m. Mnoho mu\u017e\u016f n\u011bco takov\u00e9ho velmi \u0161patn\u011b nese, ale mohou si za to kolikr\u00e1t sami, a to pr\u00e1v\u011b z\u00a0toho d\u016fvodu, \u017ee si neud\u011blali po\u0159\u00e1dek ve sv\u00e9m \u017eivot\u011b u\u017e d\u00e1vno. Nikdo nemus\u00ed p\u0159ij\u00edt o svou druhou polovi\u010dku. Je ale pot\u0159eba ud\u011blat si po\u0159\u00e1dek ve sv\u00e9m \u017eivot\u011b.                                                                                                                                                                                                                                                                                                                                                                                        4.4\/5 - (12 votes)        "},{"@context":"https:\/\/schema.org\/","@type":"BreadcrumbList","itemListElement":[{"@type":"ListItem","position":1,"name":"Kdy\u017e je v\u00e1\u0161 mu\u017e v\u00edce na motorce, ne\u017e s v\u00e1mi..","item":"https:\/\/www.noves.cz\/kdyz-je-vas-muz-vice-na-motorce-nez-s-vami\/#breadcrumbitem"}]}]