[{"@context":"https:\/\/schema.org\/","@type":"Article","@id":"https:\/\/www.noves.cz\/jak-ozdobit-svuj-outfit\/#Article","mainEntityOfPage":"https:\/\/www.noves.cz\/jak-ozdobit-svuj-outfit\/","headline":"Jak ozdobit sv\u016fj outfit?","name":"Jak ozdobit sv\u016fj outfit?","description":"Lid\u00e9 v\u011bt\u0161inou nos\u00ed dost oby\u010dejn\u00e9 oble\u010den\u00ed, proto\u017ee se d\u00e1 kombinovat naprosto se v\u0161\u00edm a v\u011bt\u0161inou oby\u010dejn\u00e9 oble\u010den\u00ed je tak\u00e9 dost [&hellip;]","datePublished":"2023-05-30","dateModified":"2023-07-24","author":{"@type":"Person","@id":"https:\/\/www.noves.cz\/author\/#Person","name":"","url":"https:\/\/www.noves.cz\/author\/","identifier":1,"image":{"@type":"ImageObject","@id":"https:\/\/secure.gravatar.com\/avatar\/9d25b0af9840660883a67790aa4f595ddc226aa4680c4cf7bc03a25c14fcef85?s=96&d=mm&r=g","url":"https:\/\/secure.gravatar.com\/avatar\/9d25b0af9840660883a67790aa4f595ddc226aa4680c4cf7bc03a25c14fcef85?s=96&d=mm&r=g","height":96,"width":96}},"publisher":{"@type":"Organization","name":"noves.cz","logo":{"@type":"ImageObject","@id":"\/logo.png","url":"\/logo.png","width":600,"height":60}},"image":{"@type":"ImageObject","@id":"https:\/\/www.noves.cz\/wp-content\/uploads\/arno-senoner-oCXVxwTFwqE-unsplash.jpg","url":"https:\/\/www.noves.cz\/wp-content\/uploads\/arno-senoner-oCXVxwTFwqE-unsplash.jpg","height":0,"width":0},"url":"https:\/\/www.noves.cz\/jak-ozdobit-svuj-outfit\/","about":["Nakupov\u00e1n\u00ed"],"wordCount":469,"articleBody":"       Lid\u00e9 v\u011bt\u0161inou nos\u00ed dost oby\u010dejn\u00e9 oble\u010den\u00ed, proto\u017ee se d\u00e1 kombinovat naprosto se v\u0161\u00edm a v\u011bt\u0161inou oby\u010dejn\u00e9 oble\u010den\u00ed je tak\u00e9 dost pohodln\u00e9, a to lid\u00e9 vyhled\u00e1vaj\u00ed. Pohodln\u00e9 oble\u010den\u00ed je toti\u017e to hlavn\u00ed, co lid\u00e9 cht\u011bj\u00ed, proto\u017ee v\u011bt\u0161inou v pr\u00e1ci maj\u00ed na sob\u011b n\u011bco, co necht\u011bj\u00ed, nebo jim to nen\u00ed p\u0159\u00edjemn\u00e9, mus\u00ed se v tom tla\u010dit, a tak doma a v\u0161ude jinde si na sebe berou v\u011bt\u0161inou oble\u010den\u00ed, kter\u00e9 jim je p\u0159\u00edjemn\u00e9 a ve kter\u00e9m jim je tak\u00e9 nap\u0159\u00edklad v l\u00e9t\u011b chladno a naopak. Je dobr\u00e9 si toti\u017e n\u011bkdy odpo\u010dinout od oble\u010den\u00ed, kter\u00e9 n\u00e1m moc nesed\u00ed. Jako p\u0159\u00edklad si vezmeme t\u0159eba letu\u0161ky, kter\u00e9 nos\u00ed v\u011bt\u0161inou ko\u0161ile a sukn\u011b s podpatky, kter\u00e9 doma odhod\u00ed a nos\u00ed \u00fapln\u00fd opak, a to kalhoty a tenisky, proto\u017ee si cht\u011bj\u00ed odpo\u010dinout a jsou v pr\u00e1ci po\u0159\u00e1d uv\u00edzl\u00e9 v \u00fazk\u00e9 sukni.Je osvobozuj\u00edc\u00ed pocit si vz\u00edt na sebe i jen tak tepl\u00e1ky a nikdo v\u00e1m nic u toho ne\u0159ekne, proto\u017ee jste doma a doma m\u016f\u017eete nosit v\u0161echno, co chcete. Nediv\u00edme se ani \u017een\u00e1m, \u017ee sundaj\u00ed podprsenku, kdy\u017e p\u0159ijdou z pr\u00e1ce dom\u016f, proto\u017ee je to mnohdy tak\u00e9 velmi nep\u0159\u00edjemn\u00e9, a tak si po dlouh\u00e9m dni cht\u011bj\u00ed ulevit. Oble\u010den\u00ed lid\u00ed je tedy v\u011bt\u0161inou oby\u010dejn\u00e9, lid\u00e9 nos\u00ed i dost oby\u010dejn\u00e9 barvy, nap\u0159\u00edklad \u0161edou nebo \u010dernou, proto\u017ee se v tom c\u00edt\u00ed mnohem l\u00e9pe a n\u011bkter\u00fdm lidem ostatn\u00ed barvy p\u0159ijdou \u0161\u00edlen\u00e9. Rozhodn\u011b ale \u0161\u00edlen\u00e9 nejsou a m\u011bli by tu b\u00fdt po\u0159\u00e1d lid\u00e9, kte\u0159\u00ed si na sebe um\u00ed obl\u00e9ct barvy, proto\u017ee jinak tu v\u0161ichni budeme nosit \u010dern\u00e9 v\u011bci a za chv\u00edli s takovou p\u0159estanou existovat barvy \u00fapln\u011b. Nebude jich pot\u0159eba, proto\u017ee lid\u00e9 se jich boj\u00ed. Nen\u00ed ale \u010deho se b\u00e1t a n\u011bkdy je t\u0159eba ten outfit n\u011b\u010d\u00edm ozvl\u00e1\u0161tnit, klidn\u011b i jedn\u00edm dopl\u0148kem. M\u016f\u017eete si t\u0159eba koupit r\u016fzn\u00e9  ozdoby y a p\u0159\u00edv\u011bsky na kabelky z prima-obchod.cz, proto\u017ee to te\u010f let\u00ed a lid\u00e9 si t\u00edm ozdob\u00ed alespo\u0148 tu kabelku. Taky je mo\u017enost a velmi d\u016fle\u017eit\u00e9 nosit \u0161perky, proto\u017ee ty v\u00e1s v\u017edy ozdob\u00ed, a to a\u0165 chcete nebo ne. Jsou sice drobn\u00e9, ale jdou dost vid\u011bt. Kdy\u017e si vezmete oby\u010dejn\u00e9 tri\u010dko a p\u0159id\u00e1te fajn n\u00e1hrdeln\u00edk na krk, tak to vypad\u00e1 hned jinak, i kdy\u017e si t\u0159eba vezmete n\u00e1ramek na ruku.                                                                                                                                                                                                                                                                                                                                                                                           4.2\/5 - (4 votes)        "},{"@context":"https:\/\/schema.org\/","@type":"BreadcrumbList","itemListElement":[{"@type":"ListItem","position":1,"name":"Jak ozdobit sv\u016fj outfit?","item":"https:\/\/www.noves.cz\/jak-ozdobit-svuj-outfit\/#breadcrumbitem"}]}]