[{"@context":"https:\/\/schema.org\/","@type":"Article","@id":"https:\/\/www.noves.cz\/emocni-inteligence-u-zen\/#Article","mainEntityOfPage":"https:\/\/www.noves.cz\/emocni-inteligence-u-zen\/","headline":"Emo\u010dn\u00ed inteligence u \u017een","name":"Emo\u010dn\u00ed inteligence u \u017een","description":"\u017deny a emo\u010dn\u00ed inteligence. To je t\u00e9ma, kter\u00e9 mi p\u0159ijde neskute\u010dn\u011b zaj\u00edmav\u00e9, proto\u017ee si mysl\u00edm, \u017ee \u017eeny jsou kr\u00e1sn\u00e9 a [&hellip;]","datePublished":"2024-05-29","dateModified":"2024-05-29","author":{"@type":"Person","@id":"https:\/\/www.noves.cz\/author\/#Person","name":"","url":"https:\/\/www.noves.cz\/author\/","identifier":1,"image":{"@type":"ImageObject","@id":"https:\/\/secure.gravatar.com\/avatar\/9d25b0af9840660883a67790aa4f595ddc226aa4680c4cf7bc03a25c14fcef85?s=96&d=mm&r=g","url":"https:\/\/secure.gravatar.com\/avatar\/9d25b0af9840660883a67790aa4f595ddc226aa4680c4cf7bc03a25c14fcef85?s=96&d=mm&r=g","height":96,"width":96}},"publisher":{"@type":"Organization","name":"noves.cz","logo":{"@type":"ImageObject","@id":"\/logo.png","url":"\/logo.png","width":600,"height":60}},"image":{"@type":"ImageObject","@id":"https:\/\/www.noves.cz\/wp-content\/uploads\/sm%C3%ADch_10.jpg","url":"https:\/\/www.noves.cz\/wp-content\/uploads\/sm%C3%ADch_10.jpg","height":0,"width":0},"url":"https:\/\/www.noves.cz\/emocni-inteligence-u-zen\/","about":["\u017dena"],"wordCount":423,"articleBody":"\u017deny a emo\u010dn\u00ed inteligence. To je t\u00e9ma, kter\u00e9 mi p\u0159ijde neskute\u010dn\u011b zaj\u00edmav\u00e9, proto\u017ee si mysl\u00edm, \u017ee \u017eeny jsou kr\u00e1sn\u00e9 a citliv\u00e9 bytosti. Emoce, kter\u00e9 m\u00e1me a kter\u00e9 n\u00e1s ovliv\u0148uj\u00ed pomoc\u00ed hormon\u016f a pomoc\u00ed cyklu nemus\u00ed b\u00fdt jednoduch\u00e9, to je jasn\u00e9, ale p\u0159esto, m\u016f\u017eou b\u00fdt kr\u00e1sn\u00e9 a tak\u00e9 se n\u00e1m mohou v\u00a0n\u011bkter\u00fdch situac\u00edch hodit. Emo\u010dn\u00ed inteligence, toti\u017e nen\u00ed jen o tom, jak rozpozn\u00e1vat a vyjad\u0159ovat pocity, ale tak\u00e9 o tom, jak dok\u00e1\u017eeme vn\u00edmat a c\u00edtit jin\u00e9 lidi, respektive emoce jin\u00fdch lid\u00ed. Je to moc kr\u00e1sn\u00e1 v\u011bc. Empatie, t\u0159eba pr\u00e1v\u011b empatie um\u00ed lidi sbli\u017eovat. Nechci tady \u0161katulkovat, ur\u010dit\u011b jsou empati\u010dt\u00ed i mu\u017ei, ale nyn\u00ed se zaob\u00edr\u00e1me \u017eenami.\u017deny tak\u00e9 um\u00ed vypozorovat, kdy\u017e se n\u011bkdo nec\u00edt\u00ed dob\u0159e a kolikr\u00e1t um\u00ed velmi dob\u0159e na tuto situaci zareagovat. Tak\u00e9 vn\u00edmaj\u00ed sign\u00e1ly, kter\u00e9 t\u0159eba ostatn\u00edm mohou unikat, a tak poznat, \u017ee n\u011bkdo se tr\u00e1p\u00ed, p\u0159esto, \u017ee to um\u00ed velice dob\u0159e skr\u00fdvat. Takov\u00e9 sign\u00e1ly mohou b\u00fdt t\u0159eba neverb\u00e1ln\u00ed \u2013 mimika, t\u00f3n hlasu, pohyby, prost\u011b cokoliv, co \u017eena um\u00ed odhalit. Pro \u017eeny to ale nen\u00ed n\u011bkdy v\u00fdhra, proto\u017ee sami m\u00e1me asi milion emoc\u00ed, kter\u00e9 se b\u011bhem dne m\u011bn\u00ed a my jim \u010dasto ani nerozum\u00edme. No nen\u00ed to tak? J\u00e1 bych \u0159ekla, \u017ee ano. Prav\u00e1 emo\u010dn\u00ed inteligence, kterou \u017eeny m\u00edvaj\u00ed, um\u00ed tvo\u0159it a udr\u017eet siln\u00e9 a tak\u00e9 harmonick\u00e9 vztahy.Um\u00ed \u010d\u00edst, co se v\u00a0lidech d\u011bje, ale tak\u00e9 v\u00ed, kdy co \u0159\u00edct, pokud cht\u011bj\u00ed n\u011bkoho na\u0161tvat. Tento dar, chcete-li, m\u016f\u017ee m\u00edt ale tak\u00e9 spoustu nev\u00fdhod a m\u016f\u017ee b\u00fdt zneu\u017e\u00edv\u00e1n.\u00a0N\u011bkdy um\u00ed \u017eeny tuto svou inteligenci vyu\u017e\u00edt pro sv\u016fj prosp\u011bch. Nap\u0159\u00edklad v\u016f\u010di mu\u017e\u016fm. Ale to ned\u011bl\u00e1 ka\u017ed\u00e1 \u017eena a rozhodn\u011b se t\u00edm nechci nikoho dotknout. Jen chci upozornit, \u017ee tu ta mo\u017enost je. A \u017ee je pot\u0159eba p\u0159istupovat k\u00a0tomu zodpov\u011bdn\u011b. Ale \u017eeny, kter\u00e9 tento dar vn\u00edmaj\u00ed a um\u00ed ho vyu\u017e\u00edt, v\u00a0dobr\u00e9m dok\u00e1\u017e\u00ed hodn\u011b lidem pomoci, a to se mi moc l\u00edb\u00ed a to velice oce\u0148uji. Je hezk\u00e9 b\u00fdt empatick\u00e1 a um\u011bt porozum\u011bt emoc\u00edm sv\u00fdm a ostatn\u00edm.                                                                                                                                                                                                                                                                                                                                                                                        3.6\/5 - (9 votes)        "},{"@context":"https:\/\/schema.org\/","@type":"BreadcrumbList","itemListElement":[{"@type":"ListItem","position":1,"name":"Emo\u010dn\u00ed inteligence u \u017een","item":"https:\/\/www.noves.cz\/emocni-inteligence-u-zen\/#breadcrumbitem"}]}]