[{"@context":"https:\/\/schema.org\/","@type":"Article","@id":"https:\/\/www.noves.cz\/covid-je-stale-mezi-nami\/#Article","mainEntityOfPage":"https:\/\/www.noves.cz\/covid-je-stale-mezi-nami\/","headline":"Covid je st\u00e1le mezi n\u00e1mi","name":"Covid je st\u00e1le mezi n\u00e1mi","description":"Pamatujete si na pandemii? Pandemie koronaviru zas\u00e1hla cel\u00fd sv\u011bt p\u0159ed t\u00e9m\u011b\u0159 \u010dty\u0159mi lety. Po cel\u00e9m sv\u011bt\u011b vznikl obrovsk\u00fd chaos, proto\u017ee [&hellip;]","datePublished":"2024-01-12","dateModified":"2024-02-12","author":{"@type":"Person","@id":"https:\/\/www.noves.cz\/author\/#Person","name":"","url":"https:\/\/www.noves.cz\/author\/","identifier":1,"image":{"@type":"ImageObject","@id":"https:\/\/secure.gravatar.com\/avatar\/9d25b0af9840660883a67790aa4f595ddc226aa4680c4cf7bc03a25c14fcef85?s=96&d=mm&r=g","url":"https:\/\/secure.gravatar.com\/avatar\/9d25b0af9840660883a67790aa4f595ddc226aa4680c4cf7bc03a25c14fcef85?s=96&d=mm&r=g","height":96,"width":96}},"publisher":{"@type":"Organization","name":"noves.cz","logo":{"@type":"ImageObject","@id":"\/logo.png","url":"\/logo.png","width":600,"height":60}},"image":{"@type":"ImageObject","@id":"https:\/\/www.noves.cz\/wp-content\/uploads\/covid-6517476_640_9.jpg","url":"https:\/\/www.noves.cz\/wp-content\/uploads\/covid-6517476_640_9.jpg","height":0,"width":0},"url":"https:\/\/www.noves.cz\/covid-je-stale-mezi-nami\/","about":["Nakupov\u00e1n\u00ed"],"wordCount":420,"articleBody":"   Pamatujete si na pandemii? Pandemie koronaviru zas\u00e1hla cel\u00fd sv\u011bt p\u0159ed t\u00e9m\u011b\u0159 \u010dty\u0159mi lety. Po cel\u00e9m sv\u011bt\u011b vznikl obrovsk\u00fd chaos, proto\u017ee se objevila nov\u00e1, do t\u00e9 doby zcela nezn\u00e1m\u00e1 nemoc. U ka\u017ed\u00e9ho naka\u017een\u00e9ho jedince m\u011bla jin\u00fd pr\u016fb\u011bh, a l\u00e9ka\u0159i ani v\u011bdci zpo\u010d\u00e1tku v\u016fbec nev\u011bd\u011bli jak na ni reagovat a \u010d\u00edm ji l\u00e9\u010dit. Na\u0161t\u011bst\u00ed pro v\u011bt\u0161inu lid\u00ed jde o nemoc podobnou nachlazen\u00ed, kterou mohou vyl\u00e9\u010dit jako dosud zn\u00e1m\u00e9 leh\u010d\u00ed forma nachlazen\u00ed &#8211; \u010dajem, klidem na l\u016f\u017eku a paralenem.Ne ka\u017ed\u00fd m\u00e1 to \u0161t\u011bst\u00ed Bohu\u017eel pro mnoho lid\u00ed m\u00e1 tak\u00e9 fat\u00e1ln\u00ed n\u00e1sledky. Tis\u00edce lid\u00e9 v \u010cesk\u00e9 republice na n\u00e1sledky nemoci zem\u0159ely, proto\u017ee nemocnice byly p\u0159et\u00ed\u017een\u00e9 pacienty se z\u00e1paly plic, co\u017e je jedna z forem covidu. Kdo m\u011bl to \u0161t\u011bst\u00ed, z v\u00e1\u017en\u00e9ho pr\u016fb\u011bhu se dostal bez probl\u00e9m\u016f, n\u011bkter\u00fdm lidem z\u016fstaly trval\u00e9 n\u00e1sledky, a n\u011bkdo m\u00e1 zhor\u0161enou imunitu. Probl\u00e9m je, \u017ee covid ani p\u0159es ve\u0161ker\u00e1 mo\u017en\u00e1 opat\u0159en\u00ed, kter\u00e1 tenkr\u00e1t fungovala po cel\u00e9m sv\u011bt\u011b, nikdy nezmizel. St\u00e1le je to nemoc, kter\u00e1 se objevuje b\u011bhem podzimn\u00edch a zimn\u00edch m\u011bs\u00edc\u016f i u lid\u00ed, kte\u0159\u00ed se staraj\u00ed o svou imunitu, aby onemocn\u011bli co nejm\u00e9n\u011b.Jedno z opat\u0159en\u00ed, kter\u00e9 dorazilo i k n\u00e1m, byla povinnost si d\u011blat antigenn\u00ed testy. D\u00edky nim \u010dlov\u011bk hned zjistil zda m\u00e1 covid nebo ne. I dnes si m\u016f\u017eete tyto testy sami d\u011blat, abyste v\u011bd\u011bli zda covid m\u00e1te nebo ne. Je to d\u016fle\u017eit\u00e9 i kdy\u017e to u\u017e nen\u00ed povinnost, proto\u017ee pou\u017e\u00edv\u00e1n\u00edm test\u016f se m\u016f\u017ee sn\u00ed\u017eit \u0161\u00ed\u0159en\u00ed nemoci. Chr\u00e1n\u00ed se tak p\u0159edev\u0161\u00edm lid\u00e9, pro kter\u00e9 je covid v\u011bt\u0161\u00ed hrozbou.Vivadiag vyr\u00e1b\u00ed velice spolehliv\u00e9 a p\u0159esn\u00e9 testy, kter\u00e9 se prov\u00e1d\u00ed nen\u00e1silnou formou &#8211; st\u011brem z nosu. V\u00fdsledky uvid\u00edte hned a na jejich p\u0159esnost se m\u016f\u017eete spolehnout. I kdy\u017e testy u\u017e nejsou povinn\u00e9, covid je st\u00e1le nemoc\u00ed, kter\u00e1 m\u016f\u017ee ohrozit na \u017eivot\u011b nejednoho \u010dlov\u011bka, a proto je pou\u017e\u00edv\u00e1n\u00ed test\u016f i v dne\u0161n\u00ed dob\u011b velmi ohledupln\u00e9 a zodpov\u011bdn\u00e9 v\u016f\u010di t\u011bm, kte\u0159\u00ed by n\u00e1kazu nemuseli p\u0159e\u017e\u00edt.                                                                                                                                                                                                                                                                                                                                                                                          4.2\/5 - (8 votes)        "},{"@context":"https:\/\/schema.org\/","@type":"BreadcrumbList","itemListElement":[{"@type":"ListItem","position":1,"name":"Covid je st\u00e1le mezi n\u00e1mi","item":"https:\/\/www.noves.cz\/covid-je-stale-mezi-nami\/#breadcrumbitem"}]}]